{"id":1614,"date":"2025-01-08T10:45:29","date_gmt":"2025-01-08T09:45:29","guid":{"rendered":"https:\/\/panabeauty.ch\/?p=1614"},"modified":"2025-02-28T19:13:44","modified_gmt":"2025-02-28T18:13:44","slug":"what-hairstyle-for-curly-hair-inspires-you-with-our-ideas-and-tailor-made-advice","status":"publish","type":"post","link":"https:\/\/panabeauty.ch\/en\/quelle-coiffure-pour-cheveux-boucles-inspirez-vous-avec-nos-idees-et-conseils-sur-mesure\/","title":{"rendered":"What hairstyle for curly hair? Get inspired with our personalized ideas and advice."},"content":{"rendered":"<h2 class=\"wp-block-heading\">Introduction<\/h2>\n\n\n\n<p>You have <strong>curly hair<\/strong> and want to find the perfect hairstyle to enhance your style? Whether you&#039;re looking for a short, mid-length, or long cut, or even a hairstyle for a special occasion, this article is for you. We offer trendy inspiration and practical advice to reveal the full potential of your curls and how to style them every day.<\/p>\n\n\n\n<p>For personalized support, Pana Beauty in Lausanne is the <a href=\"https:\/\/panabeauty.ch\/en\/\">ideal hair salon<\/a> to enhance your curly hair. Our team of experts offers you a tailor-made experience in an elegant and relaxing setting.<\/p>\n\n\n\n<div class=\"wp-block-columns is-layout-flex wp-container-core-columns-is-layout-28f84493 wp-block-columns-is-layout-flex\">\n<div class=\"wp-block-column block-cta has-background is-layout-flow wp-block-column-is-layout-flow\" style=\"background-color:#faedcd\">\n<h3 class=\"wp-block-heading has-text-align-center\"><strong>Book an appointment today and transform your curls into a work of art.<\/strong><\/h3>\n\n\n\n<div class=\"wp-block-buttons is-content-justification-center is-layout-flex wp-container-core-buttons-is-layout-a89b3969 wp-block-buttons-is-layout-flex\">\n<div class=\"wp-block-button is-style-outline is-style-outline--1\"><a class=\"wp-block-button__link has-white-color has-text-color has-background has-link-color wp-element-button\" href=\"https:\/\/salonkee.ch\/salon\/pana-beauty\/widget\" style=\"background-color:#ff6d24\" target=\"_blank\" rel=\"noopener\">Reserve your moment<\/a><\/div>\n<\/div>\n<\/div>\n<\/div>\n\n\n\n<h2 class=\"wp-block-heading\">1. The best hairstyles for curly hair<\/h2>\n\n\n\n<h3 class=\"wp-block-heading\">1.1 Hairstyles for Short Curly Hair: Dynamism in Every Curl<\/h3>\n\n\n\n<p>THE <strong>short curly hair<\/strong> are perfect for those looking for a bold, modern style while highlighting their natural volume. Here are two must-have options:<\/p>\n\n\n\n<div class=\"wp-block-columns is-layout-flex wp-container-core-columns-is-layout-28f84493 wp-block-columns-is-layout-flex\">\n<div class=\"wp-block-column is-vertically-aligned-stretch is-layout-flow wp-block-column-is-layout-flow\">\n<ul class=\"wp-block-list\">\n<li><strong>Curly pixie with volume<\/strong> :<br>This short cut plays on the contrast between the <strong>natural curls<\/strong> and a well-defined structure. It is ideal for a dynamic and elegant look.<\/li>\n<\/ul>\n\n\n\n<figure class=\"wp-block-image aligncenter size-large\"><img fetchpriority=\"high\" decoding=\"async\" width=\"1024\" height=\"1024\" src=\"https:\/\/panabeauty.ch\/wp-content\/uploads\/2025\/01\/Pixie-boucle-avec-volume-1024x1024.png\" alt=\"\" class=\"wp-image-1615\" srcset=\"https:\/\/panabeauty.ch\/wp-content\/uploads\/2025\/01\/Pixie-boucle-avec-volume-1024x1024.png 1024w, https:\/\/panabeauty.ch\/wp-content\/uploads\/2025\/01\/Pixie-boucle-avec-volume-300x300.png 300w, https:\/\/panabeauty.ch\/wp-content\/uploads\/2025\/01\/Pixie-boucle-avec-volume-150x150.png 150w, https:\/\/panabeauty.ch\/wp-content\/uploads\/2025\/01\/Pixie-boucle-avec-volume-768x768.png 768w, https:\/\/panabeauty.ch\/wp-content\/uploads\/2025\/01\/Pixie-boucle-avec-volume-1536x1536.png 1536w, https:\/\/panabeauty.ch\/wp-content\/uploads\/2025\/01\/Pixie-boucle-avec-volume-2048x2048.png 2048w\" sizes=\"(max-width: 1024px) 100vw, 1024px\" \/><\/figure>\n<\/div>\n\n\n\n<div class=\"wp-block-column is-vertically-aligned-stretch is-layout-flow wp-block-column-is-layout-flow\">\n<ul class=\"wp-block-list\">\n<li><strong>Textured bob with messy bangs<\/strong> :<br>This textured square enhances the movement of <strong>loops<\/strong> and is particularly suitable for oval or heart-shaped faces.<br><\/li>\n<\/ul>\n\n\n\n<figure class=\"wp-block-image aligncenter size-large\"><img decoding=\"async\" width=\"1024\" height=\"1024\" src=\"https:\/\/panabeauty.ch\/wp-content\/uploads\/2025\/01\/Carre-texture-avec-frange-negligee-1024x1024.png\" alt=\"\" class=\"wp-image-1616\" srcset=\"https:\/\/panabeauty.ch\/wp-content\/uploads\/2025\/01\/Carre-texture-avec-frange-negligee-1024x1024.png 1024w, https:\/\/panabeauty.ch\/wp-content\/uploads\/2025\/01\/Carre-texture-avec-frange-negligee-300x300.png 300w, https:\/\/panabeauty.ch\/wp-content\/uploads\/2025\/01\/Carre-texture-avec-frange-negligee-150x150.png 150w, https:\/\/panabeauty.ch\/wp-content\/uploads\/2025\/01\/Carre-texture-avec-frange-negligee-768x768.png 768w, https:\/\/panabeauty.ch\/wp-content\/uploads\/2025\/01\/Carre-texture-avec-frange-negligee-1536x1536.png 1536w, https:\/\/panabeauty.ch\/wp-content\/uploads\/2025\/01\/Carre-texture-avec-frange-negligee-2048x2048.png 2048w\" sizes=\"(max-width: 1024px) 100vw, 1024px\" \/><\/figure>\n<\/div>\n<\/div>\n\n\n\n<h3 class=\"wp-block-heading\">1.2. Hairstyles for medium-length curly hair: Versatility and elegance<\/h3>\n\n\n\n<p>THE <strong>medium-length hair<\/strong> offer the right balance between practicality and creativity. These styles allow for variety. <strong>hairstyle ideas<\/strong> depending on the occasion:<\/p>\n\n\n\n<div class=\"wp-block-columns is-layout-flex wp-container-core-columns-is-layout-28f84493 wp-block-columns-is-layout-flex\">\n<div class=\"wp-block-column is-layout-flow wp-block-column-is-layout-flow\">\n<ul class=\"wp-block-list\">\n<li><strong>Tapered fade for maximum volume<\/strong> :<br>By playing on the lengths, the gradient amplifies the natural bounce of the <strong>loops<\/strong> and helps to avoid <strong>forks<\/strong>.<\/li>\n<\/ul>\n\n\n\n<figure class=\"wp-block-image aligncenter size-large\"><img decoding=\"async\" width=\"1024\" height=\"1024\" src=\"https:\/\/panabeauty.ch\/wp-content\/uploads\/2025\/01\/Degrade-effile-pour-un-maximum-de-volume-1024x1024.png\" alt=\"\" class=\"wp-image-1617\" srcset=\"https:\/\/panabeauty.ch\/wp-content\/uploads\/2025\/01\/Degrade-effile-pour-un-maximum-de-volume-1024x1024.png 1024w, https:\/\/panabeauty.ch\/wp-content\/uploads\/2025\/01\/Degrade-effile-pour-un-maximum-de-volume-300x300.png 300w, https:\/\/panabeauty.ch\/wp-content\/uploads\/2025\/01\/Degrade-effile-pour-un-maximum-de-volume-150x150.png 150w, https:\/\/panabeauty.ch\/wp-content\/uploads\/2025\/01\/Degrade-effile-pour-un-maximum-de-volume-768x768.png 768w, https:\/\/panabeauty.ch\/wp-content\/uploads\/2025\/01\/Degrade-effile-pour-un-maximum-de-volume-1536x1536.png 1536w, https:\/\/panabeauty.ch\/wp-content\/uploads\/2025\/01\/Degrade-effile-pour-un-maximum-de-volume-2048x2048.png 2048w\" sizes=\"(max-width: 1024px) 100vw, 1024px\" \/><\/figure>\n<\/div>\n\n\n\n<div class=\"wp-block-column is-vertically-aligned-stretch is-layout-flow wp-block-column-is-layout-flow\">\n<ul class=\"wp-block-list\">\n<li><strong>Bohemian half-tie with accessories:<\/strong><br><br><br><\/li>\n<\/ul>\n\n\n\n<figure class=\"wp-block-image aligncenter size-large\"><img loading=\"lazy\" decoding=\"async\" width=\"1024\" height=\"1024\" src=\"https:\/\/panabeauty.ch\/wp-content\/uploads\/2025\/01\/Demi-attache-boheme-avec-accessoires-1024x1024.png\" alt=\"\" class=\"wp-image-1618\" srcset=\"https:\/\/panabeauty.ch\/wp-content\/uploads\/2025\/01\/Demi-attache-boheme-avec-accessoires-1024x1024.png 1024w, https:\/\/panabeauty.ch\/wp-content\/uploads\/2025\/01\/Demi-attache-boheme-avec-accessoires-300x300.png 300w, https:\/\/panabeauty.ch\/wp-content\/uploads\/2025\/01\/Demi-attache-boheme-avec-accessoires-150x150.png 150w, https:\/\/panabeauty.ch\/wp-content\/uploads\/2025\/01\/Demi-attache-boheme-avec-accessoires-768x768.png 768w, https:\/\/panabeauty.ch\/wp-content\/uploads\/2025\/01\/Demi-attache-boheme-avec-accessoires-1536x1536.png 1536w, https:\/\/panabeauty.ch\/wp-content\/uploads\/2025\/01\/Demi-attache-boheme-avec-accessoires-2048x2048.png 2048w\" sizes=\"(max-width: 1024px) 100vw, 1024px\" \/><\/figure>\n<\/div>\n<\/div>\n\n\n\n<p>This hairstyle highlights curls by gently pinning a section of hair at the back of the head. Add accessories like embellished barrettes or small, colorful hair ties for a romantic and trendy look.<\/p>\n\n\n\n<h3 class=\"wp-block-heading\">1.3. Hairstyles for long curly hair: Glamour and movement<\/h3>\n\n\n\n<p>Long, curly hair is synonymous with femininity and sophistication. Opt for styles that highlight natural texture and volume:<\/p>\n\n\n\n<ul class=\"wp-block-list\">\n<li><strong>Bohemian braids for a natural look:<\/strong><\/li>\n<\/ul>\n\n\n\n<div class=\"wp-block-columns is-layout-flex wp-container-core-columns-is-layout-28f84493 wp-block-columns-is-layout-flex\">\n<div class=\"wp-block-column is-layout-flow wp-block-column-is-layout-flow\">\n<figure class=\"wp-block-image aligncenter size-large\"><img loading=\"lazy\" decoding=\"async\" width=\"1024\" height=\"1024\" src=\"https:\/\/panabeauty.ch\/wp-content\/uploads\/2025\/01\/Tresses-bohemes-pour-un-look-naturel-1024x1024.png\" alt=\"\" class=\"wp-image-1619\" srcset=\"https:\/\/panabeauty.ch\/wp-content\/uploads\/2025\/01\/Tresses-bohemes-pour-un-look-naturel-1024x1024.png 1024w, https:\/\/panabeauty.ch\/wp-content\/uploads\/2025\/01\/Tresses-bohemes-pour-un-look-naturel-300x300.png 300w, https:\/\/panabeauty.ch\/wp-content\/uploads\/2025\/01\/Tresses-bohemes-pour-un-look-naturel-150x150.png 150w, https:\/\/panabeauty.ch\/wp-content\/uploads\/2025\/01\/Tresses-bohemes-pour-un-look-naturel-768x768.png 768w, https:\/\/panabeauty.ch\/wp-content\/uploads\/2025\/01\/Tresses-bohemes-pour-un-look-naturel-1536x1536.png 1536w, https:\/\/panabeauty.ch\/wp-content\/uploads\/2025\/01\/Tresses-bohemes-pour-un-look-naturel-2048x2048.png 2048w\" sizes=\"(max-width: 1024px) 100vw, 1024px\" \/><\/figure>\n<\/div>\n\n\n\n<div class=\"wp-block-column is-layout-flow wp-block-column-is-layout-flow\">\n<figure class=\"wp-block-image aligncenter size-large\"><img loading=\"lazy\" decoding=\"async\" width=\"1024\" height=\"1024\" src=\"https:\/\/panabeauty.ch\/wp-content\/uploads\/2025\/01\/Tresses-bohemes-pour-un-look-naturel-2-1024x1024.png\" alt=\"\" class=\"wp-image-1620\" srcset=\"https:\/\/panabeauty.ch\/wp-content\/uploads\/2025\/01\/Tresses-bohemes-pour-un-look-naturel-2-1024x1024.png 1024w, https:\/\/panabeauty.ch\/wp-content\/uploads\/2025\/01\/Tresses-bohemes-pour-un-look-naturel-2-300x300.png 300w, https:\/\/panabeauty.ch\/wp-content\/uploads\/2025\/01\/Tresses-bohemes-pour-un-look-naturel-2-150x150.png 150w, https:\/\/panabeauty.ch\/wp-content\/uploads\/2025\/01\/Tresses-bohemes-pour-un-look-naturel-2-768x768.png 768w, https:\/\/panabeauty.ch\/wp-content\/uploads\/2025\/01\/Tresses-bohemes-pour-un-look-naturel-2-1536x1536.png 1536w, https:\/\/panabeauty.ch\/wp-content\/uploads\/2025\/01\/Tresses-bohemes-pour-un-look-naturel-2-2048x2048.png 2048w\" sizes=\"(max-width: 1024px) 100vw, 1024px\" \/><\/figure>\n<\/div>\n<\/div>\n\n\n\n<p>Play up the contrast between loose braids and your natural curls. Whether it&#039;s a side braid or crown braids, this style exudes a relaxed elegance, perfect for events or sunny days.<\/p>\n\n\n\n<ul class=\"wp-block-list\">\n<li><strong>Textured high bun with loose strands:<\/strong><br>This hairstyle highlights the <strong>hair fiber<\/strong> and adapts to special occasions.<\/li>\n<\/ul>\n\n\n\n<figure class=\"wp-block-image size-full\"><img loading=\"lazy\" decoding=\"async\" width=\"2560\" height=\"2560\" src=\"https:\/\/panabeauty.ch\/wp-content\/uploads\/2025\/01\/Chignon-haut-texture-avec-des-meches-libres.png\" alt=\"\" class=\"wp-image-1621\" srcset=\"https:\/\/panabeauty.ch\/wp-content\/uploads\/2025\/01\/Chignon-haut-texture-avec-des-meches-libres.png 2560w, https:\/\/panabeauty.ch\/wp-content\/uploads\/2025\/01\/Chignon-haut-texture-avec-des-meches-libres-300x300.png 300w, https:\/\/panabeauty.ch\/wp-content\/uploads\/2025\/01\/Chignon-haut-texture-avec-des-meches-libres-1024x1024.png 1024w, https:\/\/panabeauty.ch\/wp-content\/uploads\/2025\/01\/Chignon-haut-texture-avec-des-meches-libres-150x150.png 150w, https:\/\/panabeauty.ch\/wp-content\/uploads\/2025\/01\/Chignon-haut-texture-avec-des-meches-libres-768x768.png 768w, https:\/\/panabeauty.ch\/wp-content\/uploads\/2025\/01\/Chignon-haut-texture-avec-des-meches-libres-1536x1536.png 1536w, https:\/\/panabeauty.ch\/wp-content\/uploads\/2025\/01\/Chignon-haut-texture-avec-des-meches-libres-2048x2048.png 2048w\" sizes=\"(max-width: 2560px) 100vw, 2560px\" \/><\/figure>\n\n\n\n<h2 class=\"wp-block-heading\">2. Quick and easy hairstyles<\/h2>\n\n\n\n<p>Short on time but still want to look stylish? These simple hairstyles will enhance your curly hair in minutes:<\/p>\n\n\n\n<div class=\"wp-block-columns is-layout-flex wp-container-core-columns-is-layout-28f84493 wp-block-columns-is-layout-flex\">\n<div class=\"wp-block-column is-layout-flow wp-block-column-is-layout-flow\">\n<ul class=\"wp-block-list\">\n<li><strong>Chic low ponytail with silk scrunchie:<\/strong>  <br>Tie your hair back, leaving a few strands loose in the front to frame your face. Use a silk scrunchie to prevent marks and breakage of your curls.<\/li>\n<\/ul>\n\n\n\n<figure class=\"wp-block-image aligncenter size-large\"><img loading=\"lazy\" decoding=\"async\" width=\"1024\" height=\"1024\" src=\"https:\/\/panabeauty.ch\/wp-content\/uploads\/2025\/01\/Queue-de-cheval-basse-chic-avec-chouchou-en-soie-1024x1024.png\" alt=\"\" class=\"wp-image-1622\" srcset=\"https:\/\/panabeauty.ch\/wp-content\/uploads\/2025\/01\/Queue-de-cheval-basse-chic-avec-chouchou-en-soie-1024x1024.png 1024w, https:\/\/panabeauty.ch\/wp-content\/uploads\/2025\/01\/Queue-de-cheval-basse-chic-avec-chouchou-en-soie-300x300.png 300w, https:\/\/panabeauty.ch\/wp-content\/uploads\/2025\/01\/Queue-de-cheval-basse-chic-avec-chouchou-en-soie-150x150.png 150w, https:\/\/panabeauty.ch\/wp-content\/uploads\/2025\/01\/Queue-de-cheval-basse-chic-avec-chouchou-en-soie-768x768.png 768w, https:\/\/panabeauty.ch\/wp-content\/uploads\/2025\/01\/Queue-de-cheval-basse-chic-avec-chouchou-en-soie-1536x1536.png 1536w, https:\/\/panabeauty.ch\/wp-content\/uploads\/2025\/01\/Queue-de-cheval-basse-chic-avec-chouchou-en-soie-2048x2048.png 2048w\" sizes=\"(max-width: 1024px) 100vw, 1024px\" \/><\/figure>\n<\/div>\n\n\n\n<div class=\"wp-block-column is-layout-flow wp-block-column-is-layout-flow\">\n<ul class=\"wp-block-list\">\n<li><strong>Half-up hairstyle with designer flat clips:<\/strong><br>Part your hair into two sections and secure the top half with sleek flat clips. This style will highlight your natural volume while keeping your face out of the way.<\/li>\n<\/ul>\n\n\n\n<figure class=\"wp-block-image aligncenter size-large\"><img loading=\"lazy\" decoding=\"async\" width=\"1024\" height=\"1024\" src=\"https:\/\/panabeauty.ch\/wp-content\/uploads\/2025\/01\/demi-attachee-avec-des-pinces-plates-design-1024x1024.png\" alt=\"\" class=\"wp-image-1623\" srcset=\"https:\/\/panabeauty.ch\/wp-content\/uploads\/2025\/01\/demi-attachee-avec-des-pinces-plates-design-1024x1024.png 1024w, https:\/\/panabeauty.ch\/wp-content\/uploads\/2025\/01\/demi-attachee-avec-des-pinces-plates-design-300x300.png 300w, https:\/\/panabeauty.ch\/wp-content\/uploads\/2025\/01\/demi-attachee-avec-des-pinces-plates-design-150x150.png 150w, https:\/\/panabeauty.ch\/wp-content\/uploads\/2025\/01\/demi-attachee-avec-des-pinces-plates-design-768x768.png 768w, https:\/\/panabeauty.ch\/wp-content\/uploads\/2025\/01\/demi-attachee-avec-des-pinces-plates-design-1536x1536.png 1536w, https:\/\/panabeauty.ch\/wp-content\/uploads\/2025\/01\/demi-attachee-avec-des-pinces-plates-design-2048x2048.png 2048w\" sizes=\"(max-width: 1024px) 100vw, 1024px\" \/><\/figure>\n<\/div>\n<\/div>\n\n\n\n<p>Tip: For a sophisticated touch, choose gold or pearl accessories.<\/p>\n\n\n\n<h3 class=\"wp-block-heading\">2.1 Hairstyles for long curly hair<\/h3>\n\n\n\n<ul class=\"wp-block-list\">\n<li><strong>Natural curls, no blow-drying<\/strong><\/li>\n<\/ul>\n\n\n\n<p>Achieve a natural, effortless look by using hydrating and defining products to maximize the bounce and shine of your curls.<\/p>\n\n\n\n<figure class=\"wp-block-image size-large\"><img loading=\"lazy\" decoding=\"async\" width=\"1024\" height=\"1024\" src=\"https:\/\/panabeauty.ch\/wp-content\/uploads\/2025\/01\/Boucles-naturelles-assumees-sans-brushing-2-1024x1024.png\" alt=\"\" class=\"wp-image-1624\" style=\"object-fit:cover\" srcset=\"https:\/\/panabeauty.ch\/wp-content\/uploads\/2025\/01\/Boucles-naturelles-assumees-sans-brushing-2-1024x1024.png 1024w, https:\/\/panabeauty.ch\/wp-content\/uploads\/2025\/01\/Boucles-naturelles-assumees-sans-brushing-2-300x300.png 300w, https:\/\/panabeauty.ch\/wp-content\/uploads\/2025\/01\/Boucles-naturelles-assumees-sans-brushing-2-150x150.png 150w, https:\/\/panabeauty.ch\/wp-content\/uploads\/2025\/01\/Boucles-naturelles-assumees-sans-brushing-2-768x768.png 768w, https:\/\/panabeauty.ch\/wp-content\/uploads\/2025\/01\/Boucles-naturelles-assumees-sans-brushing-2-1536x1536.png 1536w, https:\/\/panabeauty.ch\/wp-content\/uploads\/2025\/01\/Boucles-naturelles-assumees-sans-brushing-2-2048x2048.png 2048w\" sizes=\"(max-width: 1024px) 100vw, 1024px\" \/><\/figure>\n\n\n\n<ul class=\"wp-block-list\">\n<li><strong>Bohemian braids and textured high bun<\/strong><\/li>\n\n\n\n<li>THE <strong>bohemian braids<\/strong>, whether side or crown style, offer a casual elegance perfect for sunny days.<\/li>\n\n\n\n<li>THE&nbsp;<strong>textured high bun<\/strong>, embellished with loose strands, is ideal for special occasions, providing a glamorous and sophisticated effect.<\/li>\n<\/ul>\n\n\n\n<figure class=\"wp-block-image aligncenter size-large\"><img loading=\"lazy\" decoding=\"async\" width=\"1024\" height=\"1024\" src=\"https:\/\/panabeauty.ch\/wp-content\/uploads\/2025\/01\/Tresses-bohemes-et-chignon-haut-texture-1024x1024.png\" alt=\"\" class=\"wp-image-1625\" style=\"object-fit:cover\" srcset=\"https:\/\/panabeauty.ch\/wp-content\/uploads\/2025\/01\/Tresses-bohemes-et-chignon-haut-texture-1024x1024.png 1024w, https:\/\/panabeauty.ch\/wp-content\/uploads\/2025\/01\/Tresses-bohemes-et-chignon-haut-texture-300x300.png 300w, https:\/\/panabeauty.ch\/wp-content\/uploads\/2025\/01\/Tresses-bohemes-et-chignon-haut-texture-150x150.png 150w, https:\/\/panabeauty.ch\/wp-content\/uploads\/2025\/01\/Tresses-bohemes-et-chignon-haut-texture-768x768.png 768w, https:\/\/panabeauty.ch\/wp-content\/uploads\/2025\/01\/Tresses-bohemes-et-chignon-haut-texture-1536x1536.png 1536w, https:\/\/panabeauty.ch\/wp-content\/uploads\/2025\/01\/Tresses-bohemes-et-chignon-haut-texture-2048x2048.png 2048w\" sizes=\"(max-width: 1024px) 100vw, 1024px\" \/><\/figure>\n\n\n\n<h3 class=\"wp-block-heading\">2.2 Hairstyles for tied up curly hair<\/h3>\n\n\n\n<div class=\"wp-block-columns is-layout-flex wp-container-core-columns-is-layout-28f84493 wp-block-columns-is-layout-flex\">\n<div class=\"wp-block-column is-layout-flow wp-block-column-is-layout-flow\" style=\"flex-basis:66.66%\">\n<ul class=\"wp-block-list\">\n<li><strong>Chic low ponytail<\/strong><\/li>\n<\/ul>\n\n\n\n<p>Create a sleek, low ponytail with a silk scrunchie to prevent smudging and preserve your curls. Add loose strands at the front to frame your face.<\/p>\n\n\n\n<ul class=\"wp-block-list\">\n<li><strong>Half-up hairstyle with flat clips<\/strong><\/li>\n<\/ul>\n\n\n\n<p>Use gold flat clips to secure the top section of your hair while letting your curls fall freely. This style is perfect for everyday looks or casual occasions.<\/p>\n<\/div>\n\n\n\n<div class=\"wp-block-column is-vertically-aligned-top is-layout-flow wp-block-column-is-layout-flow\" style=\"flex-basis:33.33%\">\n<figure class=\"wp-block-image aligncenter size-large\"><img loading=\"lazy\" decoding=\"async\" width=\"1024\" height=\"1024\" src=\"https:\/\/panabeauty.ch\/wp-content\/uploads\/2025\/01\/queue-de-cheval-basse-1024x1024.png\" alt=\"\" class=\"wp-image-1626\" srcset=\"https:\/\/panabeauty.ch\/wp-content\/uploads\/2025\/01\/queue-de-cheval-basse-1024x1024.png 1024w, https:\/\/panabeauty.ch\/wp-content\/uploads\/2025\/01\/queue-de-cheval-basse-300x300.png 300w, https:\/\/panabeauty.ch\/wp-content\/uploads\/2025\/01\/queue-de-cheval-basse-150x150.png 150w, https:\/\/panabeauty.ch\/wp-content\/uploads\/2025\/01\/queue-de-cheval-basse-768x768.png 768w, https:\/\/panabeauty.ch\/wp-content\/uploads\/2025\/01\/queue-de-cheval-basse.png 1080w\" sizes=\"(max-width: 1024px) 100vw, 1024px\" \/><\/figure>\n<\/div>\n<\/div>\n\n\n\n<h3 class=\"wp-block-heading\">2.3 Hairstyles for special occasions<\/h3>\n\n\n\n<p>Special events deserve hairstyles that impress. Here are two elegant options to shine at your parties or weddings:<\/p>\n\n\n\n<div class=\"wp-block-columns is-layout-flex wp-container-core-columns-is-layout-28f84493 wp-block-columns-is-layout-flex\">\n<div class=\"wp-block-column is-layout-flow wp-block-column-is-layout-flow\">\n<ul class=\"wp-block-list\">\n<li><strong>Messy bun for a wedding:<\/strong><br>Create a slightly messy high bun, leaving a few curly strands loose around your face. Secure with invisible bobby pins for a natural yet refined look.<\/li>\n<\/ul>\n\n\n\n<figure class=\"wp-block-image aligncenter size-large\"><img loading=\"lazy\" decoding=\"async\" width=\"1024\" height=\"1024\" src=\"https:\/\/panabeauty.ch\/wp-content\/uploads\/2025\/01\/Chignon-flou-pour-un-mariage-2-1024x1024.png\" alt=\"\" class=\"wp-image-1627\" srcset=\"https:\/\/panabeauty.ch\/wp-content\/uploads\/2025\/01\/Chignon-flou-pour-un-mariage-2-1024x1024.png 1024w, https:\/\/panabeauty.ch\/wp-content\/uploads\/2025\/01\/Chignon-flou-pour-un-mariage-2-300x300.png 300w, https:\/\/panabeauty.ch\/wp-content\/uploads\/2025\/01\/Chignon-flou-pour-un-mariage-2-150x150.png 150w, https:\/\/panabeauty.ch\/wp-content\/uploads\/2025\/01\/Chignon-flou-pour-un-mariage-2-768x768.png 768w, https:\/\/panabeauty.ch\/wp-content\/uploads\/2025\/01\/Chignon-flou-pour-un-mariage-2-1536x1536.png 1536w, https:\/\/panabeauty.ch\/wp-content\/uploads\/2025\/01\/Chignon-flou-pour-un-mariage-2-2048x2048.png 2048w\" sizes=\"(max-width: 1024px) 100vw, 1024px\" \/><\/figure>\n<\/div>\n\n\n\n<div class=\"wp-block-column is-layout-flow wp-block-column-is-layout-flow\">\n<ul class=\"wp-block-list\">\n<li><strong>Glamorous side-hair for an elegant evening <\/strong>:<br>Sweep your hair to one side and secure it with embellished barrettes. This asymmetrical style adds a touch of timeless glamour, perfect for pairing with an evening gown.<br><\/li>\n<\/ul>\n\n\n\n<figure class=\"wp-block-image aligncenter size-large\"><img loading=\"lazy\" decoding=\"async\" width=\"1024\" height=\"1024\" src=\"https:\/\/panabeauty.ch\/wp-content\/uploads\/2025\/01\/Chignon-flou-pour-un-mariage-3-1024x1024.png\" alt=\"\" class=\"wp-image-1628\" srcset=\"https:\/\/panabeauty.ch\/wp-content\/uploads\/2025\/01\/Chignon-flou-pour-un-mariage-3-1024x1024.png 1024w, https:\/\/panabeauty.ch\/wp-content\/uploads\/2025\/01\/Chignon-flou-pour-un-mariage-3-300x300.png 300w, https:\/\/panabeauty.ch\/wp-content\/uploads\/2025\/01\/Chignon-flou-pour-un-mariage-3-150x150.png 150w, https:\/\/panabeauty.ch\/wp-content\/uploads\/2025\/01\/Chignon-flou-pour-un-mariage-3-768x768.png 768w, https:\/\/panabeauty.ch\/wp-content\/uploads\/2025\/01\/Chignon-flou-pour-un-mariage-3-1536x1536.png 1536w, https:\/\/panabeauty.ch\/wp-content\/uploads\/2025\/01\/Chignon-flou-pour-un-mariage-3-2048x2048.png 2048w\" sizes=\"(max-width: 1024px) 100vw, 1024px\" \/><\/figure>\n<\/div>\n<\/div>\n\n\n\n<h3 class=\"wp-block-heading\">2.4 Hairstyles for curly hair for men<\/h3>\n\n\n\n<div class=\"wp-block-columns is-layout-flex wp-container-core-columns-is-layout-28f84493 wp-block-columns-is-layout-flex\">\n<div class=\"wp-block-column is-layout-flow wp-block-column-is-layout-flow\">\n<ul class=\"wp-block-list\">\n<li><strong>Short side-parted fade with defined curls<\/strong><\/li>\n<\/ul>\n\n\n\n<figure class=\"wp-block-image aligncenter size-large\"><img loading=\"lazy\" decoding=\"async\" width=\"1024\" height=\"1024\" src=\"https:\/\/panabeauty.ch\/wp-content\/uploads\/2025\/01\/Degrade-court-sur-les-cotes-avec-boucles-definies-homme-1024x1024.png\" alt=\"\" class=\"wp-image-1629\" srcset=\"https:\/\/panabeauty.ch\/wp-content\/uploads\/2025\/01\/Degrade-court-sur-les-cotes-avec-boucles-definies-homme-1024x1024.png 1024w, https:\/\/panabeauty.ch\/wp-content\/uploads\/2025\/01\/Degrade-court-sur-les-cotes-avec-boucles-definies-homme-300x300.png 300w, https:\/\/panabeauty.ch\/wp-content\/uploads\/2025\/01\/Degrade-court-sur-les-cotes-avec-boucles-definies-homme-150x150.png 150w, https:\/\/panabeauty.ch\/wp-content\/uploads\/2025\/01\/Degrade-court-sur-les-cotes-avec-boucles-definies-homme-768x768.png 768w, https:\/\/panabeauty.ch\/wp-content\/uploads\/2025\/01\/Degrade-court-sur-les-cotes-avec-boucles-definies-homme-1536x1536.png 1536w, https:\/\/panabeauty.ch\/wp-content\/uploads\/2025\/01\/Degrade-court-sur-les-cotes-avec-boucles-definies-homme-2048x2048.png 2048w\" sizes=\"(max-width: 1024px) 100vw, 1024px\" \/><\/figure>\n\n\n\n<p>This hairstyle is ideal for a polished yet casual look. The layered sides highlight the natural curls on top of the head.<\/p>\n<\/div>\n\n\n\n<div class=\"wp-block-column is-layout-flow wp-block-column-is-layout-flow\">\n<ul class=\"wp-block-list\">\n<li><strong>Mid-length hair for a natural style<\/strong><\/li>\n<\/ul>\n\n\n\n<figure class=\"wp-block-image aligncenter size-large\"><img loading=\"lazy\" decoding=\"async\" width=\"1024\" height=\"1024\" src=\"https:\/\/panabeauty.ch\/wp-content\/uploads\/2025\/01\/Cheveux-mi-longs-pour-un-style-naturel-homme-1024x1024.png\" alt=\"\" class=\"wp-image-1630\" srcset=\"https:\/\/panabeauty.ch\/wp-content\/uploads\/2025\/01\/Cheveux-mi-longs-pour-un-style-naturel-homme-1024x1024.png 1024w, https:\/\/panabeauty.ch\/wp-content\/uploads\/2025\/01\/Cheveux-mi-longs-pour-un-style-naturel-homme-300x300.png 300w, https:\/\/panabeauty.ch\/wp-content\/uploads\/2025\/01\/Cheveux-mi-longs-pour-un-style-naturel-homme-150x150.png 150w, https:\/\/panabeauty.ch\/wp-content\/uploads\/2025\/01\/Cheveux-mi-longs-pour-un-style-naturel-homme-768x768.png 768w, https:\/\/panabeauty.ch\/wp-content\/uploads\/2025\/01\/Cheveux-mi-longs-pour-un-style-naturel-homme-1536x1536.png 1536w, https:\/\/panabeauty.ch\/wp-content\/uploads\/2025\/01\/Cheveux-mi-longs-pour-un-style-naturel-homme-2048x2048.png 2048w\" sizes=\"(max-width: 1024px) 100vw, 1024px\" \/><\/figure>\n\n\n\n<p>Men with medium-length curly hair can opt for a natural, slightly tapered style that maximizes volume while remaining easy to maintain.<\/p>\n<\/div>\n<\/div>\n\n\n\n<h2 class=\"wp-block-heading\">3. 2025 Curly Hair Trend<\/h2>\n\n\n\n<h3 class=\"wp-block-heading\">3.1. The most fashionable cuts<\/h3>\n\n\n\n<p>The 2025 trends highlight natural and sophisticated hairstyles, designed to enhance the unique texture of your curls.<\/p>\n\n\n\n<div class=\"wp-block-columns is-layout-flex wp-container-core-columns-is-layout-28f84493 wp-block-columns-is-layout-flex\">\n<div class=\"wp-block-column is-vertically-aligned-stretch is-layout-flow wp-block-column-is-layout-flow\">\n<ul class=\"wp-block-list\">\n<li><strong>Textured bob with long bangs:<\/strong><br>This modern cut plays on contrasts. The bob adds elegant structure, while the long, slightly tapered bangs gently frame the face. Ideal for round or square faces, this style is easy to maintain and works well with curly or wavy hair.<\/li>\n<\/ul>\n\n\n\n<figure class=\"wp-block-image aligncenter size-large\"><img loading=\"lazy\" decoding=\"async\" width=\"1024\" height=\"1024\" src=\"https:\/\/panabeauty.ch\/wp-content\/uploads\/2025\/01\/Carre-texture-avec-frange-longue-1024x1024.png\" alt=\"\" class=\"wp-image-1631\" srcset=\"https:\/\/panabeauty.ch\/wp-content\/uploads\/2025\/01\/Carre-texture-avec-frange-longue-1024x1024.png 1024w, https:\/\/panabeauty.ch\/wp-content\/uploads\/2025\/01\/Carre-texture-avec-frange-longue-300x300.png 300w, https:\/\/panabeauty.ch\/wp-content\/uploads\/2025\/01\/Carre-texture-avec-frange-longue-150x150.png 150w, https:\/\/panabeauty.ch\/wp-content\/uploads\/2025\/01\/Carre-texture-avec-frange-longue-768x768.png 768w, https:\/\/panabeauty.ch\/wp-content\/uploads\/2025\/01\/Carre-texture-avec-frange-longue-1536x1536.png 1536w, https:\/\/panabeauty.ch\/wp-content\/uploads\/2025\/01\/Carre-texture-avec-frange-longue-2048x2048.png 2048w\" sizes=\"(max-width: 1024px) 100vw, 1024px\" \/><\/figure>\n<\/div>\n\n\n\n<div class=\"wp-block-column is-vertically-aligned-stretch is-layout-flow wp-block-column-is-layout-flow\">\n<ul class=\"wp-block-list\">\n<li><strong>Natural curls, no blow-drying:<\/strong><br>Let your curls express themselves fully with a natural and effortless look. To follow this trend, opt for <a href=\"https:\/\/panabeauty.ch\/en\/offerings\/curly-hair-routine-2\/\">defining and moisturizing care<\/a> which accentuate the bounce of your curls while preventing frizz.<br><br><\/li>\n<\/ul>\n\n\n\n<figure class=\"wp-block-image aligncenter size-large\"><img loading=\"lazy\" decoding=\"async\" width=\"1024\" height=\"1024\" src=\"https:\/\/panabeauty.ch\/wp-content\/uploads\/2025\/01\/Boucles-naturelles-assumees-sans-brushing-1024x1024.png\" alt=\"\" class=\"wp-image-1632\" srcset=\"https:\/\/panabeauty.ch\/wp-content\/uploads\/2025\/01\/Boucles-naturelles-assumees-sans-brushing-1024x1024.png 1024w, https:\/\/panabeauty.ch\/wp-content\/uploads\/2025\/01\/Boucles-naturelles-assumees-sans-brushing-300x300.png 300w, https:\/\/panabeauty.ch\/wp-content\/uploads\/2025\/01\/Boucles-naturelles-assumees-sans-brushing-150x150.png 150w, https:\/\/panabeauty.ch\/wp-content\/uploads\/2025\/01\/Boucles-naturelles-assumees-sans-brushing-768x768.png 768w, https:\/\/panabeauty.ch\/wp-content\/uploads\/2025\/01\/Boucles-naturelles-assumees-sans-brushing-1536x1536.png 1536w, https:\/\/panabeauty.ch\/wp-content\/uploads\/2025\/01\/Boucles-naturelles-assumees-sans-brushing-2048x2048.png 2048w\" sizes=\"(max-width: 1024px) 100vw, 1024px\" \/><\/figure>\n<\/div>\n<\/div>\n\n\n\n<h3 class=\"wp-block-heading\">3.2. Star accessories of the year<\/h3>\n\n\n\n<p>Hair accessories are essential for transforming your everyday hairstyles into on-trend looks. Here are the must-haves for 2024:<\/p>\n\n\n\n<ul class=\"wp-block-list\">\n<li><strong>Colorful scarves and XXL scrunchies:<\/strong><\/li>\n<\/ul>\n\n\n\n<p>These accessories add a vibrant and unique touch to your hairstyles. Wrap a scarf around a low ponytail or use an oversized scrunchie to accentuate a half-up.<\/p>\n\n\n\n<figure class=\"wp-block-image aligncenter size-large\"><img loading=\"lazy\" decoding=\"async\" width=\"1024\" height=\"1024\" src=\"https:\/\/panabeauty.ch\/wp-content\/uploads\/2025\/01\/Foulards-colores-et-chouchous-XXL-1024x1024.png\" alt=\"\" class=\"wp-image-1633\" srcset=\"https:\/\/panabeauty.ch\/wp-content\/uploads\/2025\/01\/Foulards-colores-et-chouchous-XXL-1024x1024.png 1024w, https:\/\/panabeauty.ch\/wp-content\/uploads\/2025\/01\/Foulards-colores-et-chouchous-XXL-300x300.png 300w, https:\/\/panabeauty.ch\/wp-content\/uploads\/2025\/01\/Foulards-colores-et-chouchous-XXL-150x150.png 150w, https:\/\/panabeauty.ch\/wp-content\/uploads\/2025\/01\/Foulards-colores-et-chouchous-XXL-768x768.png 768w, https:\/\/panabeauty.ch\/wp-content\/uploads\/2025\/01\/Foulards-colores-et-chouchous-XXL-1536x1536.png 1536w, https:\/\/panabeauty.ch\/wp-content\/uploads\/2025\/01\/Foulards-colores-et-chouchous-XXL-2048x2048.png 2048w\" sizes=\"(max-width: 1024px) 100vw, 1024px\" \/><\/figure>\n\n\n\n<ul class=\"wp-block-list\">\n<li><strong>Minimalist gold metal barrettes:<\/strong><\/li>\n<\/ul>\n\n\n\n<p>Perfect for a chic and sleek look, these barrettes hold your locks in place with elegance. They pair particularly well with sophisticated looks, such as a low bun or side-swept hairstyle.<\/p>\n\n\n\n<div class=\"wp-block-columns is-layout-flex wp-container-core-columns-is-layout-28f84493 wp-block-columns-is-layout-flex\">\n<div class=\"wp-block-column is-layout-flow wp-block-column-is-layout-flow\">\n<figure class=\"wp-block-image aligncenter size-large\"><img loading=\"lazy\" decoding=\"async\" width=\"1024\" height=\"1024\" src=\"https:\/\/panabeauty.ch\/wp-content\/uploads\/2025\/01\/Barrettes-minimalistes-en-metal-dore-1024x1024.png\" alt=\"\" class=\"wp-image-1634\" style=\"object-fit:cover\" srcset=\"https:\/\/panabeauty.ch\/wp-content\/uploads\/2025\/01\/Barrettes-minimalistes-en-metal-dore-1024x1024.png 1024w, https:\/\/panabeauty.ch\/wp-content\/uploads\/2025\/01\/Barrettes-minimalistes-en-metal-dore-300x300.png 300w, https:\/\/panabeauty.ch\/wp-content\/uploads\/2025\/01\/Barrettes-minimalistes-en-metal-dore-150x150.png 150w, https:\/\/panabeauty.ch\/wp-content\/uploads\/2025\/01\/Barrettes-minimalistes-en-metal-dore-768x768.png 768w, https:\/\/panabeauty.ch\/wp-content\/uploads\/2025\/01\/Barrettes-minimalistes-en-metal-dore-1536x1536.png 1536w, https:\/\/panabeauty.ch\/wp-content\/uploads\/2025\/01\/Barrettes-minimalistes-en-metal-dore-2048x2048.png 2048w\" sizes=\"(max-width: 1024px) 100vw, 1024px\" \/><\/figure>\n<\/div>\n\n\n\n<div class=\"wp-block-column is-layout-flow wp-block-column-is-layout-flow\">\n<figure class=\"wp-block-image aligncenter size-large\"><img loading=\"lazy\" decoding=\"async\" width=\"1024\" height=\"1024\" src=\"https:\/\/panabeauty.ch\/wp-content\/uploads\/2025\/01\/pince-a-cheveux-2-1024x1024.png\" alt=\"\" class=\"wp-image-1635\" style=\"object-fit:cover\" srcset=\"https:\/\/panabeauty.ch\/wp-content\/uploads\/2025\/01\/pince-a-cheveux-2-1024x1024.png 1024w, https:\/\/panabeauty.ch\/wp-content\/uploads\/2025\/01\/pince-a-cheveux-2-300x300.png 300w, https:\/\/panabeauty.ch\/wp-content\/uploads\/2025\/01\/pince-a-cheveux-2-150x150.png 150w, https:\/\/panabeauty.ch\/wp-content\/uploads\/2025\/01\/pince-a-cheveux-2-768x768.png 768w, https:\/\/panabeauty.ch\/wp-content\/uploads\/2025\/01\/pince-a-cheveux-2-1536x1536.png 1536w, https:\/\/panabeauty.ch\/wp-content\/uploads\/2025\/01\/pince-a-cheveux-2.png 2025w\" sizes=\"(max-width: 1024px) 100vw, 1024px\" \/><\/figure>\n<\/div>\n<\/div>\n\n\n\n<h2 class=\"wp-block-heading\">4. How to maintain and style your curly hair on a daily basis<\/h2>\n\n\n\n<figure class=\"wp-block-image aligncenter size-large is-style-default\"><img loading=\"lazy\" decoding=\"async\" width=\"1024\" height=\"1024\" src=\"https:\/\/panabeauty.ch\/wp-content\/uploads\/2025\/01\/Comment-entretenir-et-coiffer-ses-cheveux-boucles-au-quotidien-1024x1024.png\" alt=\"\" class=\"wp-image-1636\" style=\"object-fit:cover\" srcset=\"https:\/\/panabeauty.ch\/wp-content\/uploads\/2025\/01\/Comment-entretenir-et-coiffer-ses-cheveux-boucles-au-quotidien-1024x1024.png 1024w, https:\/\/panabeauty.ch\/wp-content\/uploads\/2025\/01\/Comment-entretenir-et-coiffer-ses-cheveux-boucles-au-quotidien-300x300.png 300w, https:\/\/panabeauty.ch\/wp-content\/uploads\/2025\/01\/Comment-entretenir-et-coiffer-ses-cheveux-boucles-au-quotidien-150x150.png 150w, https:\/\/panabeauty.ch\/wp-content\/uploads\/2025\/01\/Comment-entretenir-et-coiffer-ses-cheveux-boucles-au-quotidien-768x768.png 768w, https:\/\/panabeauty.ch\/wp-content\/uploads\/2025\/01\/Comment-entretenir-et-coiffer-ses-cheveux-boucles-au-quotidien-1536x1536.png 1536w, https:\/\/panabeauty.ch\/wp-content\/uploads\/2025\/01\/Comment-entretenir-et-coiffer-ses-cheveux-boucles-au-quotidien-2048x2048.png 2048w\" sizes=\"(max-width: 1024px) 100vw, 1024px\" \/><\/figure>\n\n\n\n<h3 class=\"wp-block-heading\">Preparing your hair: the ideal routine<\/h3>\n\n\n\n<p>Preparation is key to healthy, vibrant curls. Here are some key steps to incorporate into your hair routine:<\/p>\n\n\n\n<ul class=\"wp-block-list\">\n<li><strong>Washing and moisturizing:<\/strong> Opt for sulfate-free shampoos, followed by a nourishing conditioner to gently detangle your hair and preserve its natural structure.<\/li>\n\n\n\n<li><strong>Drying:<\/strong> Use a diffuser for gentle drying or let your hair air dry to avoid frizz.<\/li>\n\n\n\n<li><strong>Defining products:<\/strong> Apply a leave-in cream or mousse to enhance the definition of your curls.<\/li>\n<\/ul>\n\n\n\n<p>To find out more and discover a complete routine adapted to your curly hair, consult our dedicated article: <a href=\"https:\/\/panabeauty.ch\/en\/hair-routine-for-curly-hair\/\">Hair routine for curly hair<\/a>.<\/p>\n\n\n\n<h2 class=\"wp-block-heading\">5. Frequently Asked Questions (FAQ)<\/h2>\n\n\n\n<p>Address common concerns of people with curly hair with clear, practical answers:<\/p>\n\n\n\n<ul class=\"wp-block-list\">\n<li><strong>What cut should I choose for curly hair?<\/strong> <em>Choose a cut that complements your natural texture. For example, a layered cut to add volume or a short cut for a modern look.<\/em><\/li>\n\n\n\n<li><strong>How to avoid frizz?<\/strong> <em>Moisturize your hair regularly with nourishing masks. Finish your routine with an anti-frizz serum to smooth and protect your curls.<\/em><\/li>\n\n\n\n<li><strong>What are the essential accessories for curly hair?<\/strong> <em>Silk scrunchies to prevent breakage of the curl, flat clips for an elegant hold and scarves to personalize your hairstyles.<\/em><\/li>\n<\/ul>\n\n\n\n<h2 class=\"wp-block-heading\">6. Why choose Pana Beauty to enhance your curls?<\/h2>\n\n\n\n<p>At the house of <strong>Pana Beauty<\/strong>, we understand that every curly hair is unique. Here&#039;s why our salon is the perfect choice to enhance your curls:<\/p>\n\n\n\n<ul class=\"wp-block-list\">\n<li><strong>Personalized expertise:<\/strong> Our team of experts masters the specifics of all curl types\u2014from light waves to kinky hair. We offer customized cuts and treatments to meet your expectations.<\/li>\n\n\n\n<li><strong>Relaxing setting:<\/strong> Enjoy a moment of relaxation in a lounge with an elegant and soothing design, ideal for taking care of yourself.<\/li>\n\n\n\n<li><strong>Customer testimonials:<\/strong> <em>\u201cGreat experience, my curls have never been so beautiful \u2013 Rating: 4.8\/5\u201d<\/em> We pride ourselves on the satisfaction of our customers, who return for our quality service.<\/li>\n<\/ul>\n\n\n\n<div class=\"wp-block-columns is-layout-flex wp-container-core-columns-is-layout-28f84493 wp-block-columns-is-layout-flex\">\n<div class=\"wp-block-column block-cta has-background is-layout-flow wp-block-column-is-layout-flow\" style=\"background-color:#faedcd\">\n<h2 class=\"wp-block-heading has-text-align-center\"><strong><em>Enhance your curls with hairstyles that reflect your personality! Book an appointment at Pana Beauty in Lausanne and let our experts transform your hair into a true work of art.<\/em><\/strong><\/h2>\n\n\n\n<h3 class=\"wp-block-heading has-text-align-center\"><strong><em>Book your moment today and reveal the full potential of your curls.<\/em><\/strong><\/h3>\n\n\n\n<div class=\"wp-block-buttons is-content-justification-center is-layout-flex wp-container-core-buttons-is-layout-a89b3969 wp-block-buttons-is-layout-flex\">\n<div class=\"wp-block-button is-style-outline is-style-outline--2\"><a class=\"wp-block-button__link has-white-color has-text-color has-background has-link-color wp-element-button\" href=\"https:\/\/salonkee.ch\/salon\/pana-beauty\/widget\" style=\"background-color:#ff6d24\" target=\"_blank\" rel=\"noopener\">Book now<\/a><\/div>\n<\/div>\n<\/div>\n<\/div>","protected":false},"excerpt":{"rendered":"<p>Introduction Vous avez des cheveux boucl\u00e9s et souhaitez trouver la coiffure id\u00e9ale pour sublimer votre style ? Que vous soyez \u00e0 la recherche d\u2019une coupe courte, mi-longue ou longue, ou m\u00eame d\u2019une coiffure pour une occasion sp\u00e9ciale, cet article est fait pour vous. Nous vous proposons des inspirations tendance et des conseils pratiques pour r\u00e9v\u00e9ler [&hellip;]<\/p>\n","protected":false},"author":1,"featured_media":1624,"comment_status":"open","ping_status":"open","sticky":false,"template":"","format":"standard","meta":{"footnotes":""},"categories":[30],"tags":[],"class_list":["post-1614","post","type-post","status-publish","format-standard","has-post-thumbnail","hentry","category-astuces"],"_links":{"self":[{"href":"https:\/\/panabeauty.ch\/en\/wp-json\/wp\/v2\/posts\/1614","targetHints":{"allow":["GET"]}}],"collection":[{"href":"https:\/\/panabeauty.ch\/en\/wp-json\/wp\/v2\/posts"}],"about":[{"href":"https:\/\/panabeauty.ch\/en\/wp-json\/wp\/v2\/types\/post"}],"author":[{"embeddable":true,"href":"https:\/\/panabeauty.ch\/en\/wp-json\/wp\/v2\/users\/1"}],"replies":[{"embeddable":true,"href":"https:\/\/panabeauty.ch\/en\/wp-json\/wp\/v2\/comments?post=1614"}],"version-history":[{"count":31,"href":"https:\/\/panabeauty.ch\/en\/wp-json\/wp\/v2\/posts\/1614\/revisions"}],"predecessor-version":[{"id":1670,"href":"https:\/\/panabeauty.ch\/en\/wp-json\/wp\/v2\/posts\/1614\/revisions\/1670"}],"wp:featuredmedia":[{"embeddable":true,"href":"https:\/\/panabeauty.ch\/en\/wp-json\/wp\/v2\/media\/1624"}],"wp:attachment":[{"href":"https:\/\/panabeauty.ch\/en\/wp-json\/wp\/v2\/media?parent=1614"}],"wp:term":[{"taxonomy":"category","embeddable":true,"href":"https:\/\/panabeauty.ch\/en\/wp-json\/wp\/v2\/categories?post=1614"},{"taxonomy":"post_tag","embeddable":true,"href":"https:\/\/panabeauty.ch\/en\/wp-json\/wp\/v2\/tags?post=1614"}],"curies":[{"name":"wp","href":"https:\/\/api.w.org\/{rel}","templated":true}]}}